{"id":15414,"date":"2025-04-17T09:53:59","date_gmt":"2025-04-17T09:53:59","guid":{"rendered":"https:\/\/www.prime-ai.com\/?p=15414"},"modified":"2025-04-17T09:56:44","modified_gmt":"2025-04-17T09:56:44","slug":"noticias-2025-semana16","status":"publish","type":"post","link":"https:\/\/www.prime-ai.com\/pt_br\/midia\/noticias-2025-semana16\/","title":{"rendered":"Not\u00edcias - Semana 16"},"content":{"rendered":"<div data-elementor-type=\"wp-post\" data-elementor-id=\"15414\" class=\"elementor elementor-15414\" data-elementor-post-type=\"post\">\n\t\t\t\t<div class=\"elementor-element elementor-element-1745d025 e-flex e-con-boxed e-con e-parent\" data-id=\"1745d025\" data-element_type=\"container\">\n\t\t\t\t\t<div class=\"e-con-inner\">\n\t\t\t\t<div class=\"elementor-element elementor-element-3487f313 elementor-widget elementor-widget-heading\" data-id=\"3487f313\" data-element_type=\"widget\" data-widget_type=\"heading.default\">\n\t\t\t\t<div class=\"elementor-widget-container\">\n\t\t\t\t\t<h1 class=\"elementor-heading-title elementor-size-default\">Not\u00edcias da Semana<\/h1>\t\t\t\t<\/div>\n\t\t\t\t<\/div>\n\t\t\t\t\t<\/div>\n\t\t\t\t<\/div>\n\t\t<div class=\"elementor-element elementor-element-5fd04d6d e-flex e-con-boxed e-con e-parent\" data-id=\"5fd04d6d\" data-element_type=\"container\">\n\t\t\t\t\t<div class=\"e-con-inner\">\n\t\t\t\t<div class=\"elementor-element elementor-element-2cb0d546 elementor-widget elementor-widget-heading\" data-id=\"2cb0d546\" data-element_type=\"widget\" data-widget_type=\"heading.default\">\n\t\t\t\t<div class=\"elementor-widget-container\">\n\t\t\t\t\t<h2 class=\"elementor-heading-title elementor-size-default\">Semana 16 - 2025<\/h2>\t\t\t\t<\/div>\n\t\t\t\t<\/div>\n\t\t\t\t\t<\/div>\n\t\t\t\t<\/div>\n\t\t<div class=\"elementor-element elementor-element-53df717b e-flex e-con-boxed e-con e-parent\" data-id=\"53df717b\" data-element_type=\"container\">\n\t\t\t\t\t<div class=\"e-con-inner\">\n\t\t\t\t<div class=\"elementor-element elementor-element-2417ab7 elementor-widget elementor-widget-heading\" data-id=\"2417ab7\" data-element_type=\"widget\" data-widget_type=\"heading.default\">\n\t\t\t\t<div class=\"elementor-widget-container\">\n\t\t\t\t\t<h2 class=\"elementor-heading-title elementor-size-default\">Marca de luxo Hermes vai repassar custos de tarifas para clientes nos EUA \u00e0 medida que o crescimento das vendas desacelera<\/h2>\t\t\t\t<\/div>\n\t\t\t\t<\/div>\n\t\t\t\t\t<\/div>\n\t\t\t\t<\/div>\n\t\t<div class=\"elementor-element elementor-element-5c648424 e-flex e-con-boxed e-con e-parent\" data-id=\"5c648424\" data-element_type=\"container\">\n\t\t\t\t\t<div class=\"e-con-inner\">\n\t\t\t\t<div class=\"elementor-element elementor-element-49258116 elementor-widget elementor-widget-text-editor\" data-id=\"49258116\" data-element_type=\"widget\" data-widget_type=\"text-editor.default\">\n\t\t\t\t<div class=\"elementor-widget-container\">\n\t\t\t\t\t\t\t\t\t<div class=\"text__text__1FZLe text__dark-grey__3Ml43 text__regular__2N1Xr text__small__1kGq2 body__full_width__ekUdw body__small_body__2vQyf article-body__paragraph__2-BtD\" data-testid=\"paragraph-3\">\u00c0 medida que a Hermes, controlada pela fam\u00edlia, se adapta \u00e0 guerra comercial desencadeada pelo Presidente dos EUA, Donald Trump.\u00a0<a class=\"text__text__1FZLe text__inherit-color__3208F text__inherit-font__1Y8w3 text__inherit-size__1DZJi link__link__3Ji6W link__underline_default__2prE_\" href=\"https:\/\/www.reuters.com\/business\/tariffs\/\" data-testid=\"Link\" target=\"_blank\" rel=\"noopener\">tarifas<\/a>, est\u00e1 apostando em seu poder de precifica\u00e7\u00e3o como uma das marcas de luxo mais exclusivas para adicionar um pr\u00eamio a todos os produtos vendidos nos Estados Unidos. Isso ser\u00e1 al\u00e9m dos ajustes regulares de pre\u00e7o que foram de cerca de 6%-7% este ano. <a href=\"https:\/\/www.reuters.com\/business\/retail-consumer\/hermes-sales-up-7-first-quarter-slightly-missing-expectations-2025-04-17\/?utm_source=prime-ai.com\">\"Fonte\"<\/a><\/div>\t\t\t\t\t\t\t\t<\/div>\n\t\t\t\t<\/div>\n\t\t\t\t\t<\/div>\n\t\t\t\t<\/div>\n\t\t<div class=\"elementor-element elementor-element-57e437e1 e-flex e-con-boxed e-con e-parent\" data-id=\"57e437e1\" data-element_type=\"container\">\n\t\t\t\t\t<div class=\"e-con-inner\">\n\t\t\t\t<div class=\"elementor-element elementor-element-16e86488 elementor-widget elementor-widget-heading\" data-id=\"16e86488\" data-element_type=\"widget\" data-widget_type=\"heading.default\">\n\t\t\t\t<div class=\"elementor-widget-container\">\n\t\t\t\t\t<h2 class=\"elementor-heading-title elementor-size-default\">Como aumentar pre\u00e7os sem perder clientes<\/h2>\t\t\t\t<\/div>\n\t\t\t\t<\/div>\n\t\t\t\t\t<\/div>\n\t\t\t\t<\/div>\n\t\t<div class=\"elementor-element elementor-element-2bc3baa3 e-flex e-con-boxed e-con e-parent\" data-id=\"2bc3baa3\" data-element_type=\"container\">\n\t\t\t\t\t<div class=\"e-con-inner\">\n\t\t\t\t<div class=\"elementor-element elementor-element-3dbcd1 elementor-widget elementor-widget-text-editor\" data-id=\"3dbcd1\" data-element_type=\"widget\" data-widget_type=\"text-editor.default\">\n\t\t\t\t<div class=\"elementor-widget-container\">\n\t\t\t\t\t\t\t\t\t<div class=\"text__text__1FZLe text__dark-grey__3Ml43 text__regular__2N1Xr text__small__1kGq2 body__full_width__ekUdw body__small_body__2vQyf article-body__paragraph__2-BtD\" data-testid=\"paragraph-0\">\u00c0 luz de uma guerra comercial entre EUA e China, executivos de moda est\u00e3o enfrentando uma realidade imediata: aumento de pre\u00e7os. Como eles deveriam comunicar isso aos consumidores? Com as tarifas dos EUA sobre a China permanecendo em 145 por cento enquanto os dois pa\u00edses se enfrentam em uma guerra comercial, e a isen\u00e7\u00e3o de envio de minimis de $800 prevista para terminar em 2 de maio, muitas marcas de moda est\u00e3o lidando com uma realidade que se aproxima rapidamente: eles ter\u00e3o que aumentar os pre\u00e7os. <a href=\"https:\/\/www.voguebusiness.com\/story\/consumers\/how-to-raise-prices-without-losing-customers?utm_source=prime-ai.com\">\"Fonte\"<\/a><\/div>\t\t\t\t\t\t\t\t<\/div>\n\t\t\t\t<\/div>\n\t\t\t\t\t<\/div>\n\t\t\t\t<\/div>\n\t\t<div class=\"elementor-element elementor-element-26ba30fe e-flex e-con-boxed e-con e-parent\" data-id=\"26ba30fe\" data-element_type=\"container\">\n\t\t\t\t\t<div class=\"e-con-inner\">\n\t\t\t\t<div class=\"elementor-element elementor-element-57ec41e elementor-widget elementor-widget-heading\" data-id=\"57ec41e\" data-element_type=\"widget\" data-widget_type=\"heading.default\">\n\t\t\t\t<div class=\"elementor-widget-container\">\n\t\t\t\t\t<h2 class=\"elementor-heading-title elementor-size-default\">Como a Asos est\u00e1 construindo o portf\u00f3lio de marca definitivo para se manter \u00e0 frente na moda<\/h2>\t\t\t\t<\/div>\n\t\t\t\t<\/div>\n\t\t\t\t\t<\/div>\n\t\t\t\t<\/div>\n\t\t<div class=\"elementor-element elementor-element-3c3e290a e-flex e-con-boxed e-con e-parent\" data-id=\"3c3e290a\" data-element_type=\"container\">\n\t\t\t\t\t<div class=\"e-con-inner\">\n\t\t\t\t<div class=\"elementor-element elementor-element-7cc7342 elementor-widget elementor-widget-text-editor\" data-id=\"7cc7342\" data-element_type=\"widget\" data-widget_type=\"text-editor.default\">\n\t\t\t\t<div class=\"elementor-widget-container\">\n\t\t\t\t\t\t\t\t\t<p>A Asos est\u00e1 colecionando marcas como as pedras do infinito. S\u00f3 este ano, o gigante da moda online adicionou 60 novos nomes \u00e0 sua lista sempre crescente, ultrapassando o total de 800 e contando. J\u00e1 vende as marcas que voc\u00ea conhece e ama - pense em Nike, Motel, All Saints e Topshop - mas isso n\u00e3o significa que vai desacelerar t\u00e3o cedo. <a href=\"https:\/\/www.retailgazette.co.uk\/blog\/2025\/04\/interview-asos-brand-portfolio\/?utm_source=prime-ai.com\">\"Fonte\"<\/a><\/p>\t\t\t\t\t\t\t\t<\/div>\n\t\t\t\t<\/div>\n\t\t\t\t\t<\/div>\n\t\t\t\t<\/div>\n\t\t<div class=\"elementor-element elementor-element-3ddedaef e-flex e-con-boxed e-con e-parent\" data-id=\"3ddedaef\" data-element_type=\"container\">\n\t\t\t\t\t<div class=\"e-con-inner\">\n\t\t\t\t<div class=\"elementor-element elementor-element-7c9481d7 elementor-widget elementor-widget-heading\" data-id=\"7c9481d7\" data-element_type=\"widget\" data-widget_type=\"heading.default\">\n\t\t\t\t<div class=\"elementor-widget-container\">\n\t\t\t\t\t<h2 class=\"elementor-heading-title elementor-size-default\">Passaportes de Produtos Digitais ganham impulso na moda da UE<\/h2>\t\t\t\t<\/div>\n\t\t\t\t<\/div>\n\t\t\t\t\t<\/div>\n\t\t\t\t<\/div>\n\t\t<div class=\"elementor-element elementor-element-2212f2f0 e-flex e-con-boxed e-con e-parent\" data-id=\"2212f2f0\" data-element_type=\"container\">\n\t\t\t\t\t<div class=\"e-con-inner\">\n\t\t\t\t<div class=\"elementor-element elementor-element-2b4d3a87 elementor-widget elementor-widget-text-editor\" data-id=\"2b4d3a87\" data-element_type=\"widget\" data-widget_type=\"text-editor.default\">\n\t\t\t\t<div class=\"elementor-widget-container\">\n\t\t\t\t\t\t\t\t\t<p>DPPs para moda precisar\u00e3o incluir in\u00fameros pontos de dados. Al\u00e9m do processo de fabrica\u00e7\u00e3o e da pegada ambiental, os Passaportes Digitais de Produtos da UE tamb\u00e9m exigir\u00e3o uma pontua\u00e7\u00e3o de durabilidade e um link para servi\u00e7os circulares. Para os varejistas, projetar Passaportes Digitais de Produtos eficazes envolver\u00e1 um equil\u00edbrio delicado entre fornecer informa\u00e7\u00f5es abrangentes sem sobrecarregar os consumidores. <a href=\"https:\/\/www.mintel.com\/insights\/retail\/digital-product-passports-how-retailers-can-turn-compliance-to-consumer-focused-value\/#:~:text=for%20fashion%20retailers.-,What%20is%20a%20Digital%20Product%20Passport?,Digital%20Product%20Passports%20(DPPs).\" target=\"_blank\" rel=\"noopener\">\"Fonte\"<\/a><\/p>\t\t\t\t\t\t\t\t<\/div>\n\t\t\t\t<\/div>\n\t\t\t\t\t<\/div>\n\t\t\t\t<\/div>\n\t\t<div class=\"elementor-element elementor-element-595b2fa4 e-flex e-con-boxed e-con e-parent\" data-id=\"595b2fa4\" data-element_type=\"container\">\n\t\t\t\t\t<div class=\"e-con-inner\">\n\t\t\t\t<div class=\"elementor-element elementor-element-5f6fda0d elementor-widget elementor-widget-heading\" data-id=\"5f6fda0d\" data-element_type=\"widget\" data-widget_type=\"heading.default\">\n\t\t\t\t<div class=\"elementor-widget-container\">\n\t\t\t\t\t<h2 class=\"elementor-heading-title elementor-size-default\">Impulsionando o crescimento da margem de lucro l\u00edquido atrav\u00e9s da gest\u00e3o de invent\u00e1rio por IA<\/h2>\t\t\t\t<\/div>\n\t\t\t\t<\/div>\n\t\t\t\t\t<\/div>\n\t\t\t\t<\/div>\n\t\t<div class=\"elementor-element elementor-element-620537b6 e-flex e-con-boxed e-con e-parent\" data-id=\"620537b6\" data-element_type=\"container\">\n\t\t\t\t\t<div class=\"e-con-inner\">\n\t\t\t\t<div class=\"elementor-element elementor-element-4b54997c elementor-widget elementor-widget-text-editor\" data-id=\"4b54997c\" data-element_type=\"widget\" data-widget_type=\"text-editor.default\">\n\t\t\t\t<div class=\"elementor-widget-container\">\n\t\t\t\t\t\t\t\t\t<p>Em uma paisagem de varejo cada vez mais competitiva e din\u00e2mica, a ind\u00fastria da moda est\u00e1 ativamente buscando solu\u00e7\u00f5es inovadoras para aumentar a rentabilidade e otimizar as opera\u00e7\u00f5es. WAIR, uma empresa de tecnologia sediada em Amsterd\u00e3, recentemente organizou um evento, \"Melhorando o varejo com IA: Insights &amp; experi\u00eancia\", apresentando o potencial da intelig\u00eancia artificial (IA) para atender a essas necessidades cr\u00edticas. O evento reuniu profissionais da moda para explorar como a IA pode revolucionar a gest\u00e3o de estoque e gerar benef\u00edcios financeiros tang\u00edveis. <a href=\"https:\/\/fashionunited.com\/news\/business\/driving-bottom-line-margin-growth-through-ai-inventory-management\/2025041565486?utm_source=prime-ai.com\">\"Fonte\"<\/a><\/p>\t\t\t\t\t\t\t\t<\/div>\n\t\t\t\t<\/div>\n\t\t\t\t\t<\/div>\n\t\t\t\t<\/div>\n\t\t\t\t<\/div>","protected":false},"excerpt":{"rendered":"<p>Not\u00edcias desta Semana Semana 16 - 2025 Marca de luxo Hermes passar\u00e1 custos de tarifas para clientes dos EUA \u00e0 medida que o crescimento das vendas desacelera \u00c0 medida que a Hermes, controlada pela fam\u00edlia, se adapta \u00e0 guerra comercial desencadeada pelas tarifas do presidente dos EUA, Donald Trump, ela est\u00e1 contando com seu poder de precifica\u00e7\u00e3o como uma das marcas de luxo mais exclusivas para adicionar um [&hellip;]<\/p>","protected":false},"author":1,"featured_media":0,"comment_status":"closed","ping_status":"open","sticky":false,"template":"","format":"standard","meta":{"footnotes":""},"categories":[310,309],"tags":[],"class_list":["post-15414","post","type-post","status-publish","format-standard","hentry","category-310","category-news"],"_links":{"self":[{"href":"https:\/\/www.prime-ai.com\/pt_br\/wp-json\/wp\/v2\/posts\/15414","targetHints":{"allow":["GET"]}}],"collection":[{"href":"https:\/\/www.prime-ai.com\/pt_br\/wp-json\/wp\/v2\/posts"}],"about":[{"href":"https:\/\/www.prime-ai.com\/pt_br\/wp-json\/wp\/v2\/types\/post"}],"author":[{"embeddable":true,"href":"https:\/\/www.prime-ai.com\/pt_br\/wp-json\/wp\/v2\/users\/1"}],"replies":[{"embeddable":true,"href":"https:\/\/www.prime-ai.com\/pt_br\/wp-json\/wp\/v2\/comments?post=15414"}],"version-history":[{"count":0,"href":"https:\/\/www.prime-ai.com\/pt_br\/wp-json\/wp\/v2\/posts\/15414\/revisions"}],"wp:attachment":[{"href":"https:\/\/www.prime-ai.com\/pt_br\/wp-json\/wp\/v2\/media?parent=15414"}],"wp:term":[{"taxonomy":"category","embeddable":true,"href":"https:\/\/www.prime-ai.com\/pt_br\/wp-json\/wp\/v2\/categories?post=15414"},{"taxonomy":"post_tag","embeddable":true,"href":"https:\/\/www.prime-ai.com\/pt_br\/wp-json\/wp\/v2\/tags?post=15414"}],"curies":[{"name":"wp","href":"https:\/\/api.w.org\/{rel}","templated":true}]}}