{"id":19153,"date":"2025-05-23T09:14:16","date_gmt":"2025-05-23T09:14:16","guid":{"rendered":"https:\/\/www.prime-ai.com\/?p=19153"},"modified":"2025-05-23T09:27:09","modified_gmt":"2025-05-23T09:27:09","slug":"actualites-2025-semaine21","status":"publish","type":"post","link":"https:\/\/www.prime-ai.com\/fr\/medias\/actualites-2025-semaine21\/","title":{"rendered":"Actualit\u00e9s - Semaine 21"},"content":{"rendered":"<div data-elementor-type=\"wp-post\" data-elementor-id=\"19153\" class=\"elementor elementor-19153\" data-elementor-post-type=\"post\">\n\t\t\t\t<div class=\"elementor-element elementor-element-55f74ba e-flex e-con-boxed e-con e-parent\" data-id=\"55f74ba\" data-element_type=\"container\">\n\t\t\t\t\t<div class=\"e-con-inner\">\n\t\t\t\t<div class=\"elementor-element elementor-element-101b86ae elementor-widget elementor-widget-heading\" data-id=\"101b86ae\" data-element_type=\"widget\" data-widget_type=\"heading.default\">\n\t\t\t\t<div class=\"elementor-widget-container\">\n\t\t\t\t\t<h1 class=\"elementor-heading-title elementor-size-default\">Les actualit\u00e9s de la semaine<\/h1>\t\t\t\t<\/div>\n\t\t\t\t<\/div>\n\t\t\t\t\t<\/div>\n\t\t\t\t<\/div>\n\t\t<div class=\"elementor-element elementor-element-624f59f e-flex e-con-boxed e-con e-parent\" data-id=\"624f59f\" data-element_type=\"container\">\n\t\t\t\t\t<div class=\"e-con-inner\">\n\t\t\t\t<div class=\"elementor-element elementor-element-5f594b8 elementor-widget elementor-widget-heading\" data-id=\"5f594b8\" data-element_type=\"widget\" data-widget_type=\"heading.default\">\n\t\t\t\t<div class=\"elementor-widget-container\">\n\t\t\t\t\t<h2 class=\"elementor-heading-title elementor-size-default\">Semaine 21 - 2025<\/h2>\t\t\t\t<\/div>\n\t\t\t\t<\/div>\n\t\t\t\t\t<\/div>\n\t\t\t\t<\/div>\n\t\t<div class=\"elementor-element elementor-element-45c69a1 e-flex e-con-boxed e-con e-parent\" data-id=\"45c69a1\" data-element_type=\"container\">\n\t\t\t\t\t<div class=\"e-con-inner\">\n\t\t\t\t<div class=\"elementor-element elementor-element-1929769 elementor-widget elementor-widget-heading\" data-id=\"1929769\" data-element_type=\"widget\" data-widget_type=\"heading.default\">\n\t\t\t\t<div class=\"elementor-widget-container\">\n\t\t\t\t\t<h2 class=\"elementor-heading-title elementor-size-default\">Le Beau Temps Stimule les Ventes au D\u00e9tail au Royaume-Uni pour le 4\u00e8me Mois Cons\u00e9cutif<\/h2>\t\t\t\t<\/div>\n\t\t\t\t<\/div>\n\t\t\t\t<div class=\"elementor-element elementor-element-0d94f3a elementor-widget elementor-widget-text-editor\" data-id=\"0d94f3a\" data-element_type=\"widget\" data-widget_type=\"text-editor.default\">\n\t\t\t\t<div class=\"elementor-widget-container\">\n\t\t\t\t\t\t\t\t\t<p class=\"css-1akm6h5-Paragraph e1e4oisd0\" data-type=\"paragraph\">Les ventes au d\u00e9tail au Royaume-Uni ont augment\u00e9 plus que pr\u00e9vu le mois dernier, un r\u00e9sultat du temps plus chaud qui a aid\u00e9 les magasins d'alimentation \u00e0 rebondir.<\/p><p class=\"css-1akm6h5-Paragraph e1e4oisd0\" data-type=\"paragraph\">Le volume des ventes au d\u00e9tail a augment\u00e9 de 1,2% en avril apr\u00e8s une hausse de 0,1% en mars, a annonc\u00e9 l'Office for National Statistics vendredi. Les \u00e9conomistes interrog\u00e9s par The Wall Street Journal s'attendaient \u00e0 une augmentation de 0,3%. <a href=\"https:\/\/www.wsj.com\/business\/retail\/u-k-retail-sales-rise-for-fourth-straight-month-boosted-by-warm-weather-2d54b15b?mod=retail_news_article_pos1?utm_source=prime-ai.com\">'Ne n\u00e9cessite pas de traduction'<\/a><\/p>\t\t\t\t\t\t\t\t<\/div>\n\t\t\t\t<\/div>\n\t\t\t\t\t<\/div>\n\t\t\t\t<\/div>\n\t\t<div class=\"elementor-element elementor-element-51b9a68 e-flex e-con-boxed e-con e-parent\" data-id=\"51b9a68\" data-element_type=\"container\">\n\t\t\t\t\t<div class=\"e-con-inner\">\n\t\t\t\t<div class=\"elementor-element elementor-element-dce21b2 elementor-widget elementor-widget-heading\" data-id=\"dce21b2\" data-element_type=\"widget\" data-widget_type=\"heading.default\">\n\t\t\t\t<div class=\"elementor-widget-container\">\n\t\t\t\t\t<h2 class=\"elementor-heading-title elementor-size-default\">La mode sous le feu des critiques : Comment le commerce de d\u00e9tail peut-il se d\u00e9fendre contre les cyberattaques ?<\/h2>\t\t\t\t<\/div>\n\t\t\t\t<\/div>\n\t\t\t\t<div class=\"elementor-element elementor-element-08f0b30 elementor-widget elementor-widget-text-editor\" data-id=\"08f0b30\" data-element_type=\"widget\" data-widget_type=\"text-editor.default\">\n\t\t\t\t<div class=\"elementor-widget-container\">\n\t\t\t\t\t\t\t\t\t<p>Une r\u00e9cente vague d'attaques a soulign\u00e9 les cons\u00e9quences potentielles pour la vente au d\u00e9tail de la mode. Des experts donnent leur avis sur les meilleures d\u00e9fenses.<\/p><p>Le co\u00fbt potentiel des cyberattaques sur une entreprise de vente au d\u00e9tail de mode a \u00e9t\u00e9 mis \u00e0 nu cette semaine. Mercredi, la soci\u00e9t\u00e9 britannique Marks &amp; Spencer (M&amp;S) a r\u00e9v\u00e9l\u00e9 qu'un r\u00e9cent incident de ran\u00e7ongiciel, qui l'a contrainte \u00e0 suspendre temporairement ses activit\u00e9s en ligne, lui co\u00fbterait environ 300 millions de livres sterling pour l'ann\u00e9e financi\u00e8re 2025\/26. <a href=\"https:\/\/www.voguebusiness.com\/story\/consumers\/fashion-under-fire-how-can-retail-fend-off-cyber-attacks?utm_source=prime-ai.com\">'Ne n\u00e9cessite pas de traduction'<\/a><\/p>\t\t\t\t\t\t\t\t<\/div>\n\t\t\t\t<\/div>\n\t\t\t\t\t<\/div>\n\t\t\t\t<\/div>\n\t\t<div class=\"elementor-element elementor-element-9668d90 e-flex e-con-boxed e-con e-parent\" data-id=\"9668d90\" data-element_type=\"container\">\n\t\t\t\t\t<div class=\"e-con-inner\">\n\t\t\t\t<div class=\"elementor-element elementor-element-4488c1d elementor-widget elementor-widget-heading\" data-id=\"4488c1d\" data-element_type=\"widget\" data-widget_type=\"heading.default\">\n\t\t\t\t<div class=\"elementor-widget-container\">\n\t\t\t\t\t<h2 class=\"elementor-heading-title elementor-size-default\">Comment la raret\u00e9 se vend : la strat\u00e9gie de \"une fois tous les 5 ans\" pour les baskets de New Balance<\/h2>\t\t\t\t<\/div>\n\t\t\t\t<\/div>\n\t\t\t\t<div class=\"elementor-element elementor-element-2e3650e elementor-widget elementor-widget-text-editor\" data-id=\"2e3650e\" data-element_type=\"widget\" data-widget_type=\"text-editor.default\">\n\t\t\t\t<div class=\"elementor-widget-container\">\n\t\t\t\t\t\t\t\t\t<p>New Balance se pr\u00e9pare \u00e0 sortir sa chaussure de sport Made in USA 1300JP en mai, marquant la sixi\u00e8me it\u00e9ration d'une strat\u00e9gie de produit qui est devenue un cas d'\u00e9cole en mati\u00e8re de marketing de raret\u00e9 dans le secteur des chaussures de sport.<\/p><p>La soci\u00e9t\u00e9 bas\u00e9e \u00e0 Boston limite la disponibilit\u00e9 du mod\u00e8le \u00e0 une fois tous les cinq ans, une contrainte d\u00e9lib\u00e9r\u00e9e qui a transform\u00e9 ce qui a commenc\u00e9 comme une chaussure de course \u00e0 100 dollars en 1985 en un objet de collection \u00e0 330 dollars (270 livres) qui se vend r\u00e9guli\u00e8rement en quelques heures apr\u00e8s sa sortie. <a href=\"https:\/\/fashionunited.com\/news\/fashion\/how-scarcity-sells-new-balances-once-every-5-years-sneaker-strategy\/2025052266203?utm_source=prime-ai.com\">'Ne n\u00e9cessite pas de traduction'<\/a><\/p>\t\t\t\t\t\t\t\t<\/div>\n\t\t\t\t<\/div>\n\t\t\t\t\t<\/div>\n\t\t\t\t<\/div>\n\t\t<div class=\"elementor-element elementor-element-5e1d8b4 e-flex e-con-boxed e-con e-parent\" data-id=\"5e1d8b4\" data-element_type=\"container\">\n\t\t\t\t\t<div class=\"e-con-inner\">\n\t\t\t\t<div class=\"elementor-element elementor-element-fffafae elementor-widget elementor-widget-heading\" data-id=\"fffafae\" data-element_type=\"widget\" data-widget_type=\"heading.default\">\n\t\t\t\t<div class=\"elementor-widget-container\">\n\t\t\t\t\t<h2 class=\"elementor-heading-title elementor-size-default\">Nike pour augmenter les prix de d\u00e9tail et retourner sur Amazon en raison de l'incertitude tarifaire<\/h2>\t\t\t\t<\/div>\n\t\t\t\t<\/div>\n\t\t\t\t<div class=\"elementor-element elementor-element-593c37f elementor-widget elementor-widget-text-editor\" data-id=\"593c37f\" data-element_type=\"widget\" data-widget_type=\"text-editor.default\">\n\t\t\t\t<div class=\"elementor-widget-container\">\n\t\t\t\t\t\t\t\t\t<p>Nike pr\u00e9voit d'augmenter ses prix de d\u00e9tail \u00e0 partir du 1er juin en raison des tarifs Trump.<\/p><p>Le g\u00e9ant du sportswear, qui a r\u00e9cemment rapport\u00e9 une baisse des ventes au premier trimestre, pr\u00e9voit d'augmenter le co\u00fbt de ses chaussures qui co\u00fbtent \u00a374.50 ou plus d'environ \u00a37.50, selon la BBC.<\/p><p>Les prix de son \u00e9quipement et de ses v\u00eatements augmenteront \u00e9galement entre \u00a31.50 et \u00a37.50.<\/p><p>Les augmentations de prix ont \u00e9t\u00e9 entra\u00een\u00e9es par une s\u00e9rie de facteurs internes et externes.<\/p><p>Nike a \u00e9galement r\u00e9v\u00e9l\u00e9 qu'il commencerait \u00e0 vendre des articles directement \u00e0 Amazon aux \u00c9tats-Unis pour la premi\u00e8re fois depuis 2019. <a href=\"https:\/\/www.retailgazette.co.uk\/blog\/2025\/05\/nike-price-rises-tariffs\/?utm_source=prime-ai.com\">'Ne n\u00e9cessite pas de traduction'<\/a><\/p>\t\t\t\t\t\t\t\t<\/div>\n\t\t\t\t<\/div>\n\t\t\t\t\t<\/div>\n\t\t\t\t<\/div>\n\t\t<div class=\"elementor-element elementor-element-e3a291f e-flex e-con-boxed e-con e-parent\" data-id=\"e3a291f\" data-element_type=\"container\">\n\t\t\t\t\t<div class=\"e-con-inner\">\n\t\t\t\t<div class=\"elementor-element elementor-element-382edd3 elementor-widget elementor-widget-heading\" data-id=\"382edd3\" data-element_type=\"widget\" data-widget_type=\"heading.default\">\n\t\t\t\t<div class=\"elementor-widget-container\">\n\t\t\t\t\t<h2 class=\"elementor-heading-title elementor-size-default\">Les propri\u00e9taires milliardaires de Chanel pr\u00eats \u00e0 renoncer \u00e0 leur paiement en raison de la baisse du luxe<\/h2>\t\t\t\t<\/div>\n\t\t\t\t<\/div>\n\t\t\t\t<div class=\"elementor-element elementor-element-aa3cd17 elementor-widget elementor-widget-text-editor\" data-id=\"aa3cd17\" data-element_type=\"widget\" data-widget_type=\"text-editor.default\">\n\t\t\t\t<div class=\"elementor-widget-container\">\n\t\t\t\t\t\t\t\t\t<p>La famille de milliardaires Wertheimer, \u00e0 l'origine de Chanel, pourrait renoncer \u00e0 un versement des b\u00e9n\u00e9fices les plus r\u00e9cents de la marque de luxe, signe que le ralentissement de l'industrie touche une autre des dynasties les plus riches du monde.<\/p><p>La soci\u00e9t\u00e9 bas\u00e9e \u00e0 Londres, Chanel, n'a pas vers\u00e9 de dividende int\u00e9rimaire ni propos\u00e9 de dividende final pour les b\u00e9n\u00e9fices de 2024, selon un d\u00e9p\u00f4t. C'est la premi\u00e8re fois depuis l'ann\u00e9e de pand\u00e9mie 2020 que le fabricant de v\u00eatements co\u00fbteux et de maroquinerie n'a pas r\u00e9serv\u00e9 une aubaine pour la soci\u00e9t\u00e9 de portefeuille bas\u00e9e aux \u00eeles Ca\u00efmans de la famille. Chanel a rapport\u00e9 une baisse de 30% du b\u00e9n\u00e9fice en raison de d\u00e9penses \u00e9lev\u00e9es en marketing et en immobilier, et de ventes faibles en Chine. <a href=\"https:\/\/us.fashionnetwork.com\/news\/Chanel-billionaire-owners-set-to-forgo-payout-amid-luxury-slump,1733339?utm_source=prime-ai.com\">'Ne n\u00e9cessite pas de traduction'<\/a><\/p>\t\t\t\t\t\t\t\t<\/div>\n\t\t\t\t<\/div>\n\t\t\t\t\t<\/div>\n\t\t\t\t<\/div>\n\t\t<div class=\"elementor-element elementor-element-207469c e-flex e-con-boxed e-con e-parent\" data-id=\"207469c\" data-element_type=\"container\">\n\t\t\t\t\t<div class=\"e-con-inner\">\n\t\t\t\t\t<\/div>\n\t\t\t\t<\/div>\n\t\t\t\t<\/div>","protected":false},"excerpt":{"rendered":"<p>Les actualit\u00e9s de cette semaine Semaine 21 - 2025 Le beau temps stimule les ventes au d\u00e9tail au Royaume-Uni pour le 4\u00e8me mois cons\u00e9cutif Les ventes au d\u00e9tail au Royaume-Uni ont augment\u00e9 plus que pr\u00e9vu le mois dernier, gr\u00e2ce \u00e0 une m\u00e9t\u00e9o plus cl\u00e9mente qui a aid\u00e9 les magasins d'alimentation \u00e0 rebondir. Le volume des ventes au d\u00e9tail a augment\u00e9 de 1,2% en avril apr\u00e8s une hausse de 0,1% en mars, selon le Bureau de [&hellip;]<\/p>","protected":false},"author":1,"featured_media":0,"comment_status":"closed","ping_status":"open","sticky":false,"template":"","format":"standard","meta":{"footnotes":""},"categories":[310,309],"tags":[],"class_list":["post-19153","post","type-post","status-publish","format-standard","hentry","category-310","category-news"],"_links":{"self":[{"href":"https:\/\/www.prime-ai.com\/fr\/wp-json\/wp\/v2\/posts\/19153","targetHints":{"allow":["GET"]}}],"collection":[{"href":"https:\/\/www.prime-ai.com\/fr\/wp-json\/wp\/v2\/posts"}],"about":[{"href":"https:\/\/www.prime-ai.com\/fr\/wp-json\/wp\/v2\/types\/post"}],"author":[{"embeddable":true,"href":"https:\/\/www.prime-ai.com\/fr\/wp-json\/wp\/v2\/users\/1"}],"replies":[{"embeddable":true,"href":"https:\/\/www.prime-ai.com\/fr\/wp-json\/wp\/v2\/comments?post=19153"}],"version-history":[{"count":0,"href":"https:\/\/www.prime-ai.com\/fr\/wp-json\/wp\/v2\/posts\/19153\/revisions"}],"wp:attachment":[{"href":"https:\/\/www.prime-ai.com\/fr\/wp-json\/wp\/v2\/media?parent=19153"}],"wp:term":[{"taxonomy":"category","embeddable":true,"href":"https:\/\/www.prime-ai.com\/fr\/wp-json\/wp\/v2\/categories?post=19153"},{"taxonomy":"post_tag","embeddable":true,"href":"https:\/\/www.prime-ai.com\/fr\/wp-json\/wp\/v2\/tags?post=19153"}],"curies":[{"name":"wp","href":"https:\/\/api.w.org\/{rel}","templated":true}]}}