{"id":15414,"date":"2025-04-17T09:53:59","date_gmt":"2025-04-17T09:53:59","guid":{"rendered":"https:\/\/www.prime-ai.com\/?p=15414"},"modified":"2025-04-17T09:56:44","modified_gmt":"2025-04-17T09:56:44","slug":"actualites-2025-semaine16","status":"publish","type":"post","link":"https:\/\/www.prime-ai.com\/fr\/medias\/actualites-2025-semaine16\/","title":{"rendered":"Actualit\u00e9s - Semaine 16"},"content":{"rendered":"<div data-elementor-type=\"wp-post\" data-elementor-id=\"15414\" class=\"elementor elementor-15414\" data-elementor-post-type=\"post\">\n\t\t\t\t<div class=\"elementor-element elementor-element-1745d025 e-flex e-con-boxed e-con e-parent\" data-id=\"1745d025\" data-element_type=\"container\">\n\t\t\t\t\t<div class=\"e-con-inner\">\n\t\t\t\t<div class=\"elementor-element elementor-element-3487f313 elementor-widget elementor-widget-heading\" data-id=\"3487f313\" data-element_type=\"widget\" data-widget_type=\"heading.default\">\n\t\t\t\t<div class=\"elementor-widget-container\">\n\t\t\t\t\t<h1 class=\"elementor-heading-title elementor-size-default\">Les Actualit\u00e9s de la Semaine<\/h1>\t\t\t\t<\/div>\n\t\t\t\t<\/div>\n\t\t\t\t\t<\/div>\n\t\t\t\t<\/div>\n\t\t<div class=\"elementor-element elementor-element-5fd04d6d e-flex e-con-boxed e-con e-parent\" data-id=\"5fd04d6d\" data-element_type=\"container\">\n\t\t\t\t\t<div class=\"e-con-inner\">\n\t\t\t\t<div class=\"elementor-element elementor-element-2cb0d546 elementor-widget elementor-widget-heading\" data-id=\"2cb0d546\" data-element_type=\"widget\" data-widget_type=\"heading.default\">\n\t\t\t\t<div class=\"elementor-widget-container\">\n\t\t\t\t\t<h2 class=\"elementor-heading-title elementor-size-default\">Semaine 16 - 2025<\/h2>\t\t\t\t<\/div>\n\t\t\t\t<\/div>\n\t\t\t\t\t<\/div>\n\t\t\t\t<\/div>\n\t\t<div class=\"elementor-element elementor-element-53df717b e-flex e-con-boxed e-con e-parent\" data-id=\"53df717b\" data-element_type=\"container\">\n\t\t\t\t\t<div class=\"e-con-inner\">\n\t\t\t\t<div class=\"elementor-element elementor-element-2417ab7 elementor-widget elementor-widget-heading\" data-id=\"2417ab7\" data-element_type=\"widget\" data-widget_type=\"heading.default\">\n\t\t\t\t<div class=\"elementor-widget-container\">\n\t\t\t\t\t<h2 class=\"elementor-heading-title elementor-size-default\">La marque de luxe Herm\u00e8s va r\u00e9percuter les co\u00fbts des tarifs douaniers sur ses clients am\u00e9ricains alors que la croissance des ventes ralentit<\/h2>\t\t\t\t<\/div>\n\t\t\t\t<\/div>\n\t\t\t\t\t<\/div>\n\t\t\t\t<\/div>\n\t\t<div class=\"elementor-element elementor-element-5c648424 e-flex e-con-boxed e-con e-parent\" data-id=\"5c648424\" data-element_type=\"container\">\n\t\t\t\t\t<div class=\"e-con-inner\">\n\t\t\t\t<div class=\"elementor-element elementor-element-49258116 elementor-widget elementor-widget-text-editor\" data-id=\"49258116\" data-element_type=\"widget\" data-widget_type=\"text-editor.default\">\n\t\t\t\t<div class=\"elementor-widget-container\">\n\t\t\t\t\t\t\t\t\t<div class=\"text__text__1FZLe text__dark-grey__3Ml43 text__regular__2N1Xr text__small__1kGq2 body__full_width__ekUdw body__small_body__2vQyf article-body__paragraph__2-BtD\" data-testid=\"paragraph-3\">Alors que la famille contr\u00f4lant Herm\u00e8s s'adapte \u00e0 la guerre commerciale d\u00e9clench\u00e9e par le pr\u00e9sident am\u00e9ricain Donald Trump.\u00a0<a class=\"text__text__1FZLe text__inherit-color__3208F text__inherit-font__1Y8w3 text__inherit-size__1DZJi link__link__3Ji6W link__underline_default__2prE_\" href=\"https:\/\/www.reuters.com\/business\/tariffs\/\" data-testid=\"Link\" target=\"_blank\" rel=\"noopener\">tarifs<\/a>, il mise sur son pouvoir de fixation des prix en tant qu'une des marques de luxe les plus exclusives pour ajouter une prime \u00e0 tous les produits vendus aux \u00c9tats-Unis. Cela sera en plus des ajustements de prix r\u00e9guliers qui \u00e9taient d'environ 6%-7% cette ann\u00e9e. <a href=\"https:\/\/www.reuters.com\/business\/retail-consumer\/hermes-sales-up-7-first-quarter-slightly-missing-expectations-2025-04-17\/?utm_source=prime-ai.com\">'Ne n\u00e9cessite pas de traduction'<\/a><\/div>\t\t\t\t\t\t\t\t<\/div>\n\t\t\t\t<\/div>\n\t\t\t\t\t<\/div>\n\t\t\t\t<\/div>\n\t\t<div class=\"elementor-element elementor-element-57e437e1 e-flex e-con-boxed e-con e-parent\" data-id=\"57e437e1\" data-element_type=\"container\">\n\t\t\t\t\t<div class=\"e-con-inner\">\n\t\t\t\t<div class=\"elementor-element elementor-element-16e86488 elementor-widget elementor-widget-heading\" data-id=\"16e86488\" data-element_type=\"widget\" data-widget_type=\"heading.default\">\n\t\t\t\t<div class=\"elementor-widget-container\">\n\t\t\t\t\t<h2 class=\"elementor-heading-title elementor-size-default\">Comment augmenter les prix sans perdre des clients<\/h2>\t\t\t\t<\/div>\n\t\t\t\t<\/div>\n\t\t\t\t\t<\/div>\n\t\t\t\t<\/div>\n\t\t<div class=\"elementor-element elementor-element-2bc3baa3 e-flex e-con-boxed e-con e-parent\" data-id=\"2bc3baa3\" data-element_type=\"container\">\n\t\t\t\t\t<div class=\"e-con-inner\">\n\t\t\t\t<div class=\"elementor-element elementor-element-3dbcd1 elementor-widget elementor-widget-text-editor\" data-id=\"3dbcd1\" data-element_type=\"widget\" data-widget_type=\"text-editor.default\">\n\t\t\t\t<div class=\"elementor-widget-container\">\n\t\t\t\t\t\t\t\t\t<div class=\"text__text__1FZLe text__dark-grey__3Ml43 text__regular__2N1Xr text__small__1kGq2 body__full_width__ekUdw body__small_body__2vQyf article-body__paragraph__2-BtD\" data-testid=\"paragraph-0\">\u00c0 la lumi\u00e8re d'une guerre commerciale entre les \u00c9tats-Unis et la Chine, les dirigeants de la mode sont confront\u00e9s \u00e0 une r\u00e9alit\u00e9 imm\u00e9diate: l'augmentation des prix. Comment devraient-ils le communiquer aux consommateurs? Avec les tarifs am\u00e9ricains sur la Chine qui persistent \u00e0 145 pour cent alors que les deux pays s'affrontent dans une guerre commerciale, et l'exemption d'exp\u00e9dition de minimis de 800 $ qui doit se terminer le 2 mai, de nombreuses marques de mode sont confront\u00e9es \u00e0 une r\u00e9alit\u00e9 qui approche rapidement: elles vont devoir augmenter leurs prix. <a href=\"https:\/\/www.voguebusiness.com\/story\/consumers\/how-to-raise-prices-without-losing-customers?utm_source=prime-ai.com\">'Ne n\u00e9cessite pas de traduction'<\/a><\/div>\t\t\t\t\t\t\t\t<\/div>\n\t\t\t\t<\/div>\n\t\t\t\t\t<\/div>\n\t\t\t\t<\/div>\n\t\t<div class=\"elementor-element elementor-element-26ba30fe e-flex e-con-boxed e-con e-parent\" data-id=\"26ba30fe\" data-element_type=\"container\">\n\t\t\t\t\t<div class=\"e-con-inner\">\n\t\t\t\t<div class=\"elementor-element elementor-element-57ec41e elementor-widget elementor-widget-heading\" data-id=\"57ec41e\" data-element_type=\"widget\" data-widget_type=\"heading.default\">\n\t\t\t\t<div class=\"elementor-widget-container\">\n\t\t\t\t\t<h2 class=\"elementor-heading-title elementor-size-default\">Comment Asos construit le portefeuille de marque ultime pour rester en t\u00eate dans la mode<\/h2>\t\t\t\t<\/div>\n\t\t\t\t<\/div>\n\t\t\t\t\t<\/div>\n\t\t\t\t<\/div>\n\t\t<div class=\"elementor-element elementor-element-3c3e290a e-flex e-con-boxed e-con e-parent\" data-id=\"3c3e290a\" data-element_type=\"container\">\n\t\t\t\t\t<div class=\"e-con-inner\">\n\t\t\t\t<div class=\"elementor-element elementor-element-7cc7342 elementor-widget elementor-widget-text-editor\" data-id=\"7cc7342\" data-element_type=\"widget\" data-widget_type=\"text-editor.default\">\n\t\t\t\t<div class=\"elementor-widget-container\">\n\t\t\t\t\t\t\t\t\t<p>Asos rassemble des marques comme des pierres d'infinit\u00e9. Rien que cette ann\u00e9e, le g\u00e9ant de la mode en ligne a ajout\u00e9 60 nouveaux noms \u00e0 sa liste sans cesse croissante, portant le total \u00e0 plus de 800 et ce n'est pas fini. Il propose d\u00e9j\u00e0 les marques que vous connaissez et aimez - pensez \u00e0 Nike, Motel, All Saints et Topshop - mais cela ne signifie pas qu'il va ralentir de sit\u00f4t. <a href=\"https:\/\/www.retailgazette.co.uk\/blog\/2025\/04\/interview-asos-brand-portfolio\/?utm_source=prime-ai.com\">'Ne n\u00e9cessite pas de traduction'<\/a><\/p>\t\t\t\t\t\t\t\t<\/div>\n\t\t\t\t<\/div>\n\t\t\t\t\t<\/div>\n\t\t\t\t<\/div>\n\t\t<div class=\"elementor-element elementor-element-3ddedaef e-flex e-con-boxed e-con e-parent\" data-id=\"3ddedaef\" data-element_type=\"container\">\n\t\t\t\t\t<div class=\"e-con-inner\">\n\t\t\t\t<div class=\"elementor-element elementor-element-7c9481d7 elementor-widget elementor-widget-heading\" data-id=\"7c9481d7\" data-element_type=\"widget\" data-widget_type=\"heading.default\">\n\t\t\t\t<div class=\"elementor-widget-container\">\n\t\t\t\t\t<h2 class=\"elementor-heading-title elementor-size-default\">Les Passeports de Produits Num\u00e9riques gagnent du terrain dans la mode de l'UE<\/h2>\t\t\t\t<\/div>\n\t\t\t\t<\/div>\n\t\t\t\t\t<\/div>\n\t\t\t\t<\/div>\n\t\t<div class=\"elementor-element elementor-element-2212f2f0 e-flex e-con-boxed e-con e-parent\" data-id=\"2212f2f0\" data-element_type=\"container\">\n\t\t\t\t\t<div class=\"e-con-inner\">\n\t\t\t\t<div class=\"elementor-element elementor-element-2b4d3a87 elementor-widget elementor-widget-text-editor\" data-id=\"2b4d3a87\" data-element_type=\"widget\" data-widget_type=\"text-editor.default\">\n\t\t\t\t<div class=\"elementor-widget-container\">\n\t\t\t\t\t\t\t\t\t<p>Les DPP pour la mode devront inclure de nombreux points de donn\u00e9es. En plus du processus de fabrication et de l'empreinte environnementale, les Passeports de Produits Num\u00e9riques de l'UE n\u00e9cessiteront \u00e9galement un score de durabilit\u00e9 et un lien vers des services circulaires. Pour les d\u00e9taillants, la conception de Passeports de Produits Num\u00e9riques efficaces n\u00e9cessitera un \u00e9quilibre d\u00e9licat entre la fourniture d'informations compl\u00e8tes sans submerger les consommateurs. <a href=\"https:\/\/www.mintel.com\/insights\/retail\/digital-product-passports-how-retailers-can-turn-compliance-to-consumer-focused-value\/#:~:text=for%20fashion%20retailers.-,What%20is%20a%20Digital%20Product%20Passport?,Digital%20Product%20Passports%20(DPPs).\" target=\"_blank\" rel=\"noopener\">'Ne n\u00e9cessite pas de traduction'<\/a><\/p>\t\t\t\t\t\t\t\t<\/div>\n\t\t\t\t<\/div>\n\t\t\t\t\t<\/div>\n\t\t\t\t<\/div>\n\t\t<div class=\"elementor-element elementor-element-595b2fa4 e-flex e-con-boxed e-con e-parent\" data-id=\"595b2fa4\" data-element_type=\"container\">\n\t\t\t\t\t<div class=\"e-con-inner\">\n\t\t\t\t<div class=\"elementor-element elementor-element-5f6fda0d elementor-widget elementor-widget-heading\" data-id=\"5f6fda0d\" data-element_type=\"widget\" data-widget_type=\"heading.default\">\n\t\t\t\t<div class=\"elementor-widget-container\">\n\t\t\t\t\t<h2 class=\"elementor-heading-title elementor-size-default\">Conduire la croissance de la marge b\u00e9n\u00e9ficiaire nette gr\u00e2ce \u00e0 la gestion des stocks par intelligence artificielle<\/h2>\t\t\t\t<\/div>\n\t\t\t\t<\/div>\n\t\t\t\t\t<\/div>\n\t\t\t\t<\/div>\n\t\t<div class=\"elementor-element elementor-element-620537b6 e-flex e-con-boxed e-con e-parent\" data-id=\"620537b6\" data-element_type=\"container\">\n\t\t\t\t\t<div class=\"e-con-inner\">\n\t\t\t\t<div class=\"elementor-element elementor-element-4b54997c elementor-widget elementor-widget-text-editor\" data-id=\"4b54997c\" data-element_type=\"widget\" data-widget_type=\"text-editor.default\">\n\t\t\t\t<div class=\"elementor-widget-container\">\n\t\t\t\t\t\t\t\t\t<p>Dans un paysage de vente au d\u00e9tail de plus en plus comp\u00e9titif et dynamique, l'industrie de la mode recherche activement des solutions innovantes pour am\u00e9liorer la rentabilit\u00e9 et optimiser les op\u00e9rations. WAIR, une entreprise technologique bas\u00e9e \u00e0 Amsterdam, a r\u00e9cemment organis\u00e9 un \u00e9v\u00e9nement, \"Am\u00e9liorer le commerce de d\u00e9tail avec l'ia: Insights &amp; exp\u00e9rience\", mettant en avant le potentiel de l'intelligence artificielle (IA) pour r\u00e9pondre \u00e0 ces besoins critiques. L'\u00e9v\u00e9nement a rassembl\u00e9 des professionnels de la mode pour explorer comment l'IA peut r\u00e9volutionner la gestion des stocks et g\u00e9n\u00e9rer des avantages financiers tangibles. <a href=\"https:\/\/fashionunited.com\/news\/business\/driving-bottom-line-margin-growth-through-ai-inventory-management\/2025041565486?utm_source=prime-ai.com\">'Ne n\u00e9cessite pas de traduction'<\/a><\/p>\t\t\t\t\t\t\t\t<\/div>\n\t\t\t\t<\/div>\n\t\t\t\t\t<\/div>\n\t\t\t\t<\/div>\n\t\t\t\t<\/div>","protected":false},"excerpt":{"rendered":"<p>Les Actualit\u00e9s de la Semaine 16 - 2025 La marque de luxe Herm\u00e8s va r\u00e9percuter les co\u00fbts des droits de douane sur ses clients am\u00e9ricains alors que la croissance des ventes ralentit. Alors que la soci\u00e9t\u00e9 familiale Herm\u00e8s s'adapte \u00e0 la guerre commerciale d\u00e9clench\u00e9e par les droits de douane du pr\u00e9sident am\u00e9ricain Donald Trump, elle mise sur son pouvoir de fixation des prix en tant que l'une des marques de luxe les plus exclusives pour ajouter un [&hellip;]<\/p>","protected":false},"author":1,"featured_media":0,"comment_status":"closed","ping_status":"open","sticky":false,"template":"","format":"standard","meta":{"footnotes":""},"categories":[310,309],"tags":[],"class_list":["post-15414","post","type-post","status-publish","format-standard","hentry","category-310","category-news"],"_links":{"self":[{"href":"https:\/\/www.prime-ai.com\/fr\/wp-json\/wp\/v2\/posts\/15414","targetHints":{"allow":["GET"]}}],"collection":[{"href":"https:\/\/www.prime-ai.com\/fr\/wp-json\/wp\/v2\/posts"}],"about":[{"href":"https:\/\/www.prime-ai.com\/fr\/wp-json\/wp\/v2\/types\/post"}],"author":[{"embeddable":true,"href":"https:\/\/www.prime-ai.com\/fr\/wp-json\/wp\/v2\/users\/1"}],"replies":[{"embeddable":true,"href":"https:\/\/www.prime-ai.com\/fr\/wp-json\/wp\/v2\/comments?post=15414"}],"version-history":[{"count":0,"href":"https:\/\/www.prime-ai.com\/fr\/wp-json\/wp\/v2\/posts\/15414\/revisions"}],"wp:attachment":[{"href":"https:\/\/www.prime-ai.com\/fr\/wp-json\/wp\/v2\/media?parent=15414"}],"wp:term":[{"taxonomy":"category","embeddable":true,"href":"https:\/\/www.prime-ai.com\/fr\/wp-json\/wp\/v2\/categories?post=15414"},{"taxonomy":"post_tag","embeddable":true,"href":"https:\/\/www.prime-ai.com\/fr\/wp-json\/wp\/v2\/tags?post=15414"}],"curies":[{"name":"wp","href":"https:\/\/api.w.org\/{rel}","templated":true}]}}