{"id":13133,"date":"2025-03-14T12:48:27","date_gmt":"2025-03-14T12:48:27","guid":{"rendered":"https:\/\/www.prime-ai.com\/?p=13133"},"modified":"2025-03-14T12:55:48","modified_gmt":"2025-03-14T12:55:48","slug":"actualites-2025-semaine11","status":"publish","type":"post","link":"https:\/\/www.prime-ai.com\/fr\/medias\/actualites-2025-semaine11\/","title":{"rendered":"Actualit\u00e9s - Semaine 11"},"content":{"rendered":"<div data-elementor-type=\"wp-post\" data-elementor-id=\"13133\" class=\"elementor elementor-13133\" data-elementor-post-type=\"post\">\n\t\t\t\t<div class=\"elementor-element elementor-element-1745d025 e-flex e-con-boxed e-con e-parent\" data-id=\"1745d025\" data-element_type=\"container\">\n\t\t\t\t\t<div class=\"e-con-inner\">\n\t\t\t\t<div class=\"elementor-element elementor-element-3487f313 elementor-widget elementor-widget-heading\" data-id=\"3487f313\" data-element_type=\"widget\" data-widget_type=\"heading.default\">\n\t\t\t\t<div class=\"elementor-widget-container\">\n\t\t\t\t\t<h1 class=\"elementor-heading-title elementor-size-default\">Les Actualit\u00e9s de la Semaine<\/h1>\t\t\t\t<\/div>\n\t\t\t\t<\/div>\n\t\t\t\t\t<\/div>\n\t\t\t\t<\/div>\n\t\t<div class=\"elementor-element elementor-element-5fd04d6d e-flex e-con-boxed e-con e-parent\" data-id=\"5fd04d6d\" data-element_type=\"container\">\n\t\t\t\t\t<div class=\"e-con-inner\">\n\t\t\t\t<div class=\"elementor-element elementor-element-2cb0d546 elementor-widget elementor-widget-heading\" data-id=\"2cb0d546\" data-element_type=\"widget\" data-widget_type=\"heading.default\">\n\t\t\t\t<div class=\"elementor-widget-container\">\n\t\t\t\t\t<h2 class=\"elementor-heading-title elementor-size-default\">Semaine 11 - 2025<\/h2>\t\t\t\t<\/div>\n\t\t\t\t<\/div>\n\t\t\t\t\t<\/div>\n\t\t\t\t<\/div>\n\t\t<div class=\"elementor-element elementor-element-53df717b e-flex e-con-boxed e-con e-parent\" data-id=\"53df717b\" data-element_type=\"container\">\n\t\t\t\t\t<div class=\"e-con-inner\">\n\t\t\t\t<div class=\"elementor-element elementor-element-2417ab7 elementor-widget elementor-widget-heading\" data-id=\"2417ab7\" data-element_type=\"widget\" data-widget_type=\"heading.default\">\n\t\t\t\t<div class=\"elementor-widget-container\">\n\t\t\t\t\t<h2 class=\"elementor-heading-title elementor-size-default\">Les recycleurs de textiles \u00e0 textiles forment la nouvelle Alliance T2T<\/h2>\t\t\t\t<\/div>\n\t\t\t\t<\/div>\n\t\t\t\t\t<\/div>\n\t\t\t\t<\/div>\n\t\t<div class=\"elementor-element elementor-element-5c648424 e-flex e-con-boxed e-con e-parent\" data-id=\"5c648424\" data-element_type=\"container\">\n\t\t\t\t\t<div class=\"e-con-inner\">\n\t\t\t\t<div class=\"elementor-element elementor-element-49258116 elementor-widget elementor-widget-text-editor\" data-id=\"49258116\" data-element_type=\"widget\" data-widget_type=\"text-editor.default\">\n\t\t\t\t<div class=\"elementor-widget-container\">\n\t\t\t\t\t\t\t\t\t<p>Les principaux recycleurs de textile \u00e0 textile s'unissent pour lancer l'Alliance T2T, entra\u00eenant une r\u00e9volution de la mode circulaire. D\u00e9couvrez comment cette collaboration industrielle est destin\u00e9e \u00e0 d\u00e9velopper le recyclage des textiles, \u00e0 r\u00e9duire les d\u00e9chets et \u00e0 acc\u00e9l\u00e9rer la durabilit\u00e9 dans la mode. <a href=\"https:\/\/fashionunited.com\/news\/business\/textile-to-textile-recyclers-form-new-t2t-alliance\/2025031164917?utm_source=prime-ai.com\">'Ne n\u00e9cessite pas de traduction'<\/a><\/p>\t\t\t\t\t\t\t\t<\/div>\n\t\t\t\t<\/div>\n\t\t\t\t\t<\/div>\n\t\t\t\t<\/div>\n\t\t<div class=\"elementor-element elementor-element-57e437e1 e-flex e-con-boxed e-con e-parent\" data-id=\"57e437e1\" data-element_type=\"container\">\n\t\t\t\t\t<div class=\"e-con-inner\">\n\t\t\t\t<div class=\"elementor-element elementor-element-16e86488 elementor-widget elementor-widget-heading\" data-id=\"16e86488\" data-element_type=\"widget\" data-widget_type=\"heading.default\">\n\t\t\t\t<div class=\"elementor-widget-container\">\n\t\t\t\t\t<h2 class=\"elementor-heading-title elementor-size-default\">John Lewis privil\u00e9gie la r\u00e9mun\u00e9ration des employ\u00e9s et la croissance de l'entreprise plut\u00f4t que les bonus du personnel<\/h2>\t\t\t\t<\/div>\n\t\t\t\t<\/div>\n\t\t\t\t\t<\/div>\n\t\t\t\t<\/div>\n\t\t<div class=\"elementor-element elementor-element-2bc3baa3 e-flex e-con-boxed e-con e-parent\" data-id=\"2bc3baa3\" data-element_type=\"container\">\n\t\t\t\t\t<div class=\"e-con-inner\">\n\t\t\t\t<div class=\"elementor-element elementor-element-3dbcd1 elementor-widget elementor-widget-text-editor\" data-id=\"3dbcd1\" data-element_type=\"widget\" data-widget_type=\"text-editor.default\">\n\t\t\t\t<div class=\"elementor-widget-container\">\n\t\t\t\t\t\t\t\t\t<p>John Lewis d\u00e9place son attention vers une r\u00e9mun\u00e9ration plus \u00e9lev\u00e9e des employ\u00e9s et la croissance de l'entreprise, choisissant de ne pas distribuer de bonus au personnel pour 2024. D\u00e9couvrez la strat\u00e9gie du d\u00e9taillant pour rester comp\u00e9titif et investir dans l'avenir. Lisez plus sur le dernier mouvement commercial. <a href=\"https:\/\/fashionunited.com\/news\/business\/john-lewis-prioritises-employee-pay-and-business-growth-over-staff-bonus\/2025031364974?utm_source=prime-ai.com\">'Ne n\u00e9cessite pas de traduction'<\/a><\/p>\t\t\t\t\t\t\t\t<\/div>\n\t\t\t\t<\/div>\n\t\t\t\t\t<\/div>\n\t\t\t\t<\/div>\n\t\t<div class=\"elementor-element elementor-element-26ba30fe e-flex e-con-boxed e-con e-parent\" data-id=\"26ba30fe\" data-element_type=\"container\">\n\t\t\t\t\t<div class=\"e-con-inner\">\n\t\t\t\t<div class=\"elementor-element elementor-element-57ec41e elementor-widget elementor-widget-heading\" data-id=\"57ec41e\" data-element_type=\"widget\" data-widget_type=\"heading.default\">\n\t\t\t\t<div class=\"elementor-widget-container\">\n\t\t\t\t\t<h2 class=\"elementor-heading-title elementor-size-default\">Comment les entreprises peuvent inciter leurs fournisseurs \u00e0 am\u00e9liorer la conformit\u00e9 en mati\u00e8re de durabilit\u00e9<\/h2>\t\t\t\t<\/div>\n\t\t\t\t<\/div>\n\t\t\t\t\t<\/div>\n\t\t\t\t<\/div>\n\t\t<div class=\"elementor-element elementor-element-3c3e290a e-flex e-con-boxed e-con e-parent\" data-id=\"3c3e290a\" data-element_type=\"container\">\n\t\t\t\t\t<div class=\"e-con-inner\">\n\t\t\t\t<div class=\"elementor-element elementor-element-7cc7342 elementor-widget elementor-widget-text-editor\" data-id=\"7cc7342\" data-element_type=\"widget\" data-widget_type=\"text-editor.default\">\n\t\t\t\t<div class=\"elementor-widget-container\">\n\t\t\t\t\t\t\t\t\t<p>D\u00e9couvrez comment les entreprises de mode peuvent inciter les fournisseurs \u00e0 am\u00e9liorer leur conformit\u00e9 en mati\u00e8re de durabilit\u00e9. Apprenez des strat\u00e9gies efficaces, des perspectives de l'industrie et les meilleures pratiques pour favoriser l'approvisionnement \u00e9thique et des cha\u00eenes d'approvisionnement plus \u00e9cologiques. <a href=\"https:\/\/www.drapersonline.com\/news\/how-businesses-can-incentivise-suppliers-to-boost-sustainability-compliance?utm_source=prime-ai.com\">'Ne n\u00e9cessite pas de traduction'<\/a><\/p>\t\t\t\t\t\t\t\t<\/div>\n\t\t\t\t<\/div>\n\t\t\t\t\t<\/div>\n\t\t\t\t<\/div>\n\t\t<div class=\"elementor-element elementor-element-3ddedaef e-flex e-con-boxed e-con e-parent\" data-id=\"3ddedaef\" data-element_type=\"container\">\n\t\t\t\t\t<div class=\"e-con-inner\">\n\t\t\t\t<div class=\"elementor-element elementor-element-7c9481d7 elementor-widget elementor-widget-heading\" data-id=\"7c9481d7\" data-element_type=\"widget\" data-widget_type=\"heading.default\">\n\t\t\t\t<div class=\"elementor-widget-container\">\n\t\t\t\t\t<h2 class=\"elementor-heading-title elementor-size-default\">Mango salue une forte performance en 2024<\/h2>\t\t\t\t<\/div>\n\t\t\t\t<\/div>\n\t\t\t\t\t<\/div>\n\t\t\t\t<\/div>\n\t\t<div class=\"elementor-element elementor-element-2212f2f0 e-flex e-con-boxed e-con e-parent\" data-id=\"2212f2f0\" data-element_type=\"container\">\n\t\t\t\t\t<div class=\"e-con-inner\">\n\t\t\t\t<div class=\"elementor-element elementor-element-2b4d3a87 elementor-widget elementor-widget-text-editor\" data-id=\"2b4d3a87\" data-element_type=\"widget\" data-widget_type=\"text-editor.default\">\n\t\t\t\t<div class=\"elementor-widget-container\">\n\t\t\t\t\t\t\t\t\t<p>D\u00e9couvrez comment Mango r\u00e9alise une croissance impressionnante en 2024 gr\u00e2ce \u00e0 une solide performance financi\u00e8re, une expansion strat\u00e9gique et des strat\u00e9gies innovantes de vente au d\u00e9tail de la mode. <a href=\"https:\/\/www.theretailbulletin.com\/fashion\/mango-hails-strong-2024-performance-11-03-2025\/?utm_source=prime-ai.com\">'Ne n\u00e9cessite pas de traduction'<\/a><\/p>\t\t\t\t\t\t\t\t<\/div>\n\t\t\t\t<\/div>\n\t\t\t\t\t<\/div>\n\t\t\t\t<\/div>\n\t\t<div class=\"elementor-element elementor-element-595b2fa4 e-flex e-con-boxed e-con e-parent\" data-id=\"595b2fa4\" data-element_type=\"container\">\n\t\t\t\t\t<div class=\"e-con-inner\">\n\t\t\t\t<div class=\"elementor-element elementor-element-5f6fda0d elementor-widget elementor-widget-heading\" data-id=\"5f6fda0d\" data-element_type=\"widget\" data-widget_type=\"heading.default\">\n\t\t\t\t<div class=\"elementor-widget-container\">\n\t\t\t\t\t<h2 class=\"elementor-heading-title elementor-size-default\">Superdry relance la marque Cult en magasin et en ligne<\/h2>\t\t\t\t<\/div>\n\t\t\t\t<\/div>\n\t\t\t\t\t<\/div>\n\t\t\t\t<\/div>\n\t\t<div class=\"elementor-element elementor-element-620537b6 e-flex e-con-boxed e-con e-parent\" data-id=\"620537b6\" data-element_type=\"container\">\n\t\t\t\t\t<div class=\"e-con-inner\">\n\t\t\t\t<div class=\"elementor-element elementor-element-4b54997c elementor-widget elementor-widget-text-editor\" data-id=\"4b54997c\" data-element_type=\"widget\" data-widget_type=\"text-editor.default\">\n\t\t\t\t<div class=\"elementor-widget-container\">\n\t\t\t\t\t\t\t\t\t<p>Superdry ravive sa marque embl\u00e9matique dans un audacieux nouveau lancement, m\u00e9langeant l'h\u00e9ritage avec l'innovation moderne du commerce de d\u00e9tail. D\u00e9couvrez comment le g\u00e9ant de la mode r\u00e9invente sa pr\u00e9sence en magasin et en ligne pour captiver \u00e0 nouveau les acheteurs. <a href=\"https:\/\/www.retail-week.com\/fashion\/superdry-relaunches-cult-branding-in-store-and-online\/7048298.article?utm_source=prime-ai.com\">'Ne n\u00e9cessite pas de traduction'<\/a><\/p>\t\t\t\t\t\t\t\t<\/div>\n\t\t\t\t<\/div>\n\t\t\t\t\t<\/div>\n\t\t\t\t<\/div>\n\t\t\t\t<\/div>","protected":false},"excerpt":{"rendered":"<p>Les actualit\u00e9s de cette semaine, semaine 11 - 2025 Les recycleurs de textile \u00e0 textile forment une nouvelle alliance T2T Les principaux recycleurs de textile \u00e0 textile s'unissent pour lancer l'Alliance T2T, impulsant une r\u00e9volution de la mode circulaire. D\u00e9couvrez comment cette collaboration industrielle est pr\u00eate \u00e0 intensifier le recyclage des textiles, \u00e0 r\u00e9duire les d\u00e9chets et \u00e0 acc\u00e9l\u00e9rer la durabilit\u00e9 dans la mode. (Source) John Lewis privil\u00e9gie la r\u00e9mun\u00e9ration des employ\u00e9s et la croissance de l'entreprise au-dessus de [&hellip;]<\/p>","protected":false},"author":1,"featured_media":0,"comment_status":"closed","ping_status":"open","sticky":false,"template":"","format":"standard","meta":{"footnotes":""},"categories":[310,309],"tags":[],"class_list":["post-13133","post","type-post","status-publish","format-standard","hentry","category-310","category-news"],"_links":{"self":[{"href":"https:\/\/www.prime-ai.com\/fr\/wp-json\/wp\/v2\/posts\/13133","targetHints":{"allow":["GET"]}}],"collection":[{"href":"https:\/\/www.prime-ai.com\/fr\/wp-json\/wp\/v2\/posts"}],"about":[{"href":"https:\/\/www.prime-ai.com\/fr\/wp-json\/wp\/v2\/types\/post"}],"author":[{"embeddable":true,"href":"https:\/\/www.prime-ai.com\/fr\/wp-json\/wp\/v2\/users\/1"}],"replies":[{"embeddable":true,"href":"https:\/\/www.prime-ai.com\/fr\/wp-json\/wp\/v2\/comments?post=13133"}],"version-history":[{"count":0,"href":"https:\/\/www.prime-ai.com\/fr\/wp-json\/wp\/v2\/posts\/13133\/revisions"}],"wp:attachment":[{"href":"https:\/\/www.prime-ai.com\/fr\/wp-json\/wp\/v2\/media?parent=13133"}],"wp:term":[{"taxonomy":"category","embeddable":true,"href":"https:\/\/www.prime-ai.com\/fr\/wp-json\/wp\/v2\/categories?post=13133"},{"taxonomy":"post_tag","embeddable":true,"href":"https:\/\/www.prime-ai.com\/fr\/wp-json\/wp\/v2\/tags?post=13133"}],"curies":[{"name":"wp","href":"https:\/\/api.w.org\/{rel}","templated":true}]}}