{"id":15414,"date":"2025-04-17T09:53:59","date_gmt":"2025-04-17T09:53:59","guid":{"rendered":"https:\/\/www.prime-ai.com\/?p=15414"},"modified":"2025-04-17T09:56:44","modified_gmt":"2025-04-17T09:56:44","slug":"noticias-2025-semana16","status":"publish","type":"post","link":"https:\/\/www.prime-ai.com\/es\/medios-de-comunicacion\/noticias-2025-semana16\/","title":{"rendered":"Noticias - Semana 16"},"content":{"rendered":"<div data-elementor-type=\"wp-post\" data-elementor-id=\"15414\" class=\"elementor elementor-15414\" data-elementor-post-type=\"post\">\n\t\t\t\t<div class=\"elementor-element elementor-element-1745d025 e-flex e-con-boxed e-con e-parent\" data-id=\"1745d025\" data-element_type=\"container\">\n\t\t\t\t\t<div class=\"e-con-inner\">\n\t\t\t\t<div class=\"elementor-element elementor-element-3487f313 elementor-widget elementor-widget-heading\" data-id=\"3487f313\" data-element_type=\"widget\" data-widget_type=\"heading.default\">\n\t\t\t\t<div class=\"elementor-widget-container\">\n\t\t\t\t\t<h1 class=\"elementor-heading-title elementor-size-default\">Las Noticias de Esta Semana<\/h1>\t\t\t\t<\/div>\n\t\t\t\t<\/div>\n\t\t\t\t\t<\/div>\n\t\t\t\t<\/div>\n\t\t<div class=\"elementor-element elementor-element-5fd04d6d e-flex e-con-boxed e-con e-parent\" data-id=\"5fd04d6d\" data-element_type=\"container\">\n\t\t\t\t\t<div class=\"e-con-inner\">\n\t\t\t\t<div class=\"elementor-element elementor-element-2cb0d546 elementor-widget elementor-widget-heading\" data-id=\"2cb0d546\" data-element_type=\"widget\" data-widget_type=\"heading.default\">\n\t\t\t\t<div class=\"elementor-widget-container\">\n\t\t\t\t\t<h2 class=\"elementor-heading-title elementor-size-default\">Semana 16 - 2025<\/h2>\t\t\t\t<\/div>\n\t\t\t\t<\/div>\n\t\t\t\t\t<\/div>\n\t\t\t\t<\/div>\n\t\t<div class=\"elementor-element elementor-element-53df717b e-flex e-con-boxed e-con e-parent\" data-id=\"53df717b\" data-element_type=\"container\">\n\t\t\t\t\t<div class=\"e-con-inner\">\n\t\t\t\t<div class=\"elementor-element elementor-element-2417ab7 elementor-widget elementor-widget-heading\" data-id=\"2417ab7\" data-element_type=\"widget\" data-widget_type=\"heading.default\">\n\t\t\t\t<div class=\"elementor-widget-container\">\n\t\t\t\t\t<h2 class=\"elementor-heading-title elementor-size-default\">La marca de lujo Hermes trasladar\u00e1 los costos de los aranceles a los clientes de EE.UU. a medida que la tasa de crecimiento de las ventas disminuye<\/h2>\t\t\t\t<\/div>\n\t\t\t\t<\/div>\n\t\t\t\t\t<\/div>\n\t\t\t\t<\/div>\n\t\t<div class=\"elementor-element elementor-element-5c648424 e-flex e-con-boxed e-con e-parent\" data-id=\"5c648424\" data-element_type=\"container\">\n\t\t\t\t\t<div class=\"e-con-inner\">\n\t\t\t\t<div class=\"elementor-element elementor-element-49258116 elementor-widget elementor-widget-text-editor\" data-id=\"49258116\" data-element_type=\"widget\" data-widget_type=\"text-editor.default\">\n\t\t\t\t<div class=\"elementor-widget-container\">\n\t\t\t\t\t\t\t\t\t<div class=\"text__text__1FZLe text__dark-grey__3Ml43 text__regular__2N1Xr text__small__1kGq2 body__full_width__ekUdw body__small_body__2vQyf article-body__paragraph__2-BtD\" data-testid=\"paragraph-3\">A medida que la Hermes controlada por la familia se adapta a la guerra comercial desatada por el presidente de los Estados Unidos, Donald Trump.\u00a0<a class=\"text__text__1FZLe text__inherit-color__3208F text__inherit-font__1Y8w3 text__inherit-size__1DZJi link__link__3Ji6W link__underline_default__2prE_\" href=\"https:\/\/www.reuters.com\/business\/tariffs\/\" data-testid=\"Link\" target=\"_blank\" rel=\"noopener\">aranceles<\/a>, est\u00e1 confiando en su poder de fijaci\u00f3n de precios como una de las marcas de lujo m\u00e1s exclusivas para agregar una prima a todos los productos vendidos en los Estados Unidos. Eso ser\u00e1 adem\u00e1s de los ajustes regulares de precios que fueron alrededor del 6%-7% este a\u00f1o. <a href=\"https:\/\/www.reuters.com\/business\/retail-consumer\/hermes-sales-up-7-first-quarter-slightly-missing-expectations-2025-04-17\/?utm_source=prime-ai.com\">Por favor, proporcione el texto que desea que traduzca al espa\u00f1ol.<\/a><\/div>\t\t\t\t\t\t\t\t<\/div>\n\t\t\t\t<\/div>\n\t\t\t\t\t<\/div>\n\t\t\t\t<\/div>\n\t\t<div class=\"elementor-element elementor-element-57e437e1 e-flex e-con-boxed e-con e-parent\" data-id=\"57e437e1\" data-element_type=\"container\">\n\t\t\t\t\t<div class=\"e-con-inner\">\n\t\t\t\t<div class=\"elementor-element elementor-element-16e86488 elementor-widget elementor-widget-heading\" data-id=\"16e86488\" data-element_type=\"widget\" data-widget_type=\"heading.default\">\n\t\t\t\t<div class=\"elementor-widget-container\">\n\t\t\t\t\t<h2 class=\"elementor-heading-title elementor-size-default\">C\u00f3mo aumentar los precios sin perder clientes<\/h2>\t\t\t\t<\/div>\n\t\t\t\t<\/div>\n\t\t\t\t\t<\/div>\n\t\t\t\t<\/div>\n\t\t<div class=\"elementor-element elementor-element-2bc3baa3 e-flex e-con-boxed e-con e-parent\" data-id=\"2bc3baa3\" data-element_type=\"container\">\n\t\t\t\t\t<div class=\"e-con-inner\">\n\t\t\t\t<div class=\"elementor-element elementor-element-3dbcd1 elementor-widget elementor-widget-text-editor\" data-id=\"3dbcd1\" data-element_type=\"widget\" data-widget_type=\"text-editor.default\">\n\t\t\t\t<div class=\"elementor-widget-container\">\n\t\t\t\t\t\t\t\t\t<div class=\"text__text__1FZLe text__dark-grey__3Ml43 text__regular__2N1Xr text__small__1kGq2 body__full_width__ekUdw body__small_body__2vQyf article-body__paragraph__2-BtD\" data-testid=\"paragraph-0\">A la luz de una guerra comercial entre Estados Unidos y China, los ejecutivos de moda se enfrentan a una realidad inmediata: el aumento de precios. \u00bfC\u00f3mo deber\u00edan comunicarlo a los consumidores? Con los aranceles de Estados Unidos a China persistiendo en un 145 por ciento mientras los dos pa\u00edses se enfrentan en una guerra comercial, y la exenci\u00f3n de env\u00edo de m\u00ednimis de $800 programada para terminar el 2 de mayo, muchas marcas de moda est\u00e1n lidiando con una realidad que se acerca r\u00e1pidamente: van a tener que aumentar los precios. <a href=\"https:\/\/www.voguebusiness.com\/story\/consumers\/how-to-raise-prices-without-losing-customers?utm_source=prime-ai.com\">Por favor, proporcione el texto que desea que traduzca al espa\u00f1ol.<\/a><\/div>\t\t\t\t\t\t\t\t<\/div>\n\t\t\t\t<\/div>\n\t\t\t\t\t<\/div>\n\t\t\t\t<\/div>\n\t\t<div class=\"elementor-element elementor-element-26ba30fe e-flex e-con-boxed e-con e-parent\" data-id=\"26ba30fe\" data-element_type=\"container\">\n\t\t\t\t\t<div class=\"e-con-inner\">\n\t\t\t\t<div class=\"elementor-element elementor-element-57ec41e elementor-widget elementor-widget-heading\" data-id=\"57ec41e\" data-element_type=\"widget\" data-widget_type=\"heading.default\">\n\t\t\t\t<div class=\"elementor-widget-container\">\n\t\t\t\t\t<h2 class=\"elementor-heading-title elementor-size-default\">C\u00f3mo Asos est\u00e1 construyendo la cartera de marcas definitiva para mantenerse a la vanguardia en la moda<\/h2>\t\t\t\t<\/div>\n\t\t\t\t<\/div>\n\t\t\t\t\t<\/div>\n\t\t\t\t<\/div>\n\t\t<div class=\"elementor-element elementor-element-3c3e290a e-flex e-con-boxed e-con e-parent\" data-id=\"3c3e290a\" data-element_type=\"container\">\n\t\t\t\t\t<div class=\"e-con-inner\">\n\t\t\t\t<div class=\"elementor-element elementor-element-7cc7342 elementor-widget elementor-widget-text-editor\" data-id=\"7cc7342\" data-element_type=\"widget\" data-widget_type=\"text-editor.default\">\n\t\t\t\t<div class=\"elementor-widget-container\">\n\t\t\t\t\t\t\t\t\t<p>Asos est\u00e1 recolectando marcas como si fueran gemas del infinito. Solo este a\u00f1o, el gigante de la moda en l\u00ednea ha agregado 60 nuevos nombres a su lista en constante expansi\u00f3n, superando en total los 800 y contando. Ya lleva las marcas que conoces y amas, como Nike, Motel, All Saints y Topshop, pero eso no significa que vaya a disminuir el ritmo en el corto plazo. <a href=\"https:\/\/www.retailgazette.co.uk\/blog\/2025\/04\/interview-asos-brand-portfolio\/?utm_source=prime-ai.com\">Por favor, proporcione el texto que desea que traduzca al espa\u00f1ol.<\/a><\/p>\t\t\t\t\t\t\t\t<\/div>\n\t\t\t\t<\/div>\n\t\t\t\t\t<\/div>\n\t\t\t\t<\/div>\n\t\t<div class=\"elementor-element elementor-element-3ddedaef e-flex e-con-boxed e-con e-parent\" data-id=\"3ddedaef\" data-element_type=\"container\">\n\t\t\t\t\t<div class=\"e-con-inner\">\n\t\t\t\t<div class=\"elementor-element elementor-element-7c9481d7 elementor-widget elementor-widget-heading\" data-id=\"7c9481d7\" data-element_type=\"widget\" data-widget_type=\"heading.default\">\n\t\t\t\t<div class=\"elementor-widget-container\">\n\t\t\t\t\t<h2 class=\"elementor-heading-title elementor-size-default\">Los Pasaportes de Productos Digitales ganan impulso en la moda de la UE<\/h2>\t\t\t\t<\/div>\n\t\t\t\t<\/div>\n\t\t\t\t\t<\/div>\n\t\t\t\t<\/div>\n\t\t<div class=\"elementor-element elementor-element-2212f2f0 e-flex e-con-boxed e-con e-parent\" data-id=\"2212f2f0\" data-element_type=\"container\">\n\t\t\t\t\t<div class=\"e-con-inner\">\n\t\t\t\t<div class=\"elementor-element elementor-element-2b4d3a87 elementor-widget elementor-widget-text-editor\" data-id=\"2b4d3a87\" data-element_type=\"widget\" data-widget_type=\"text-editor.default\">\n\t\t\t\t<div class=\"elementor-widget-container\">\n\t\t\t\t\t\t\t\t\t<p>Los DPP para la moda necesitar\u00e1n incluir numerosos puntos de datos. Adem\u00e1s del proceso de fabricaci\u00f3n y la huella ambiental, los Pasaportes de Productos Digitales de la UE tambi\u00e9n requerir\u00e1n una puntuaci\u00f3n de durabilidad y un enlace a servicios circulares. Para los minoristas, dise\u00f1ar Pasaportes de Productos Digitales efectivos implicar\u00e1 un equilibrio delicado entre proporcionar informaci\u00f3n completa sin abrumar a los consumidores. <a href=\"https:\/\/www.mintel.com\/insights\/retail\/digital-product-passports-how-retailers-can-turn-compliance-to-consumer-focused-value\/#:~:text=for%20fashion%20retailers.-,What%20is%20a%20Digital%20Product%20Passport?,Digital%20Product%20Passports%20(DPPs).\" target=\"_blank\" rel=\"noopener\">Por favor, proporcione el texto que desea que traduzca al espa\u00f1ol.<\/a><\/p>\t\t\t\t\t\t\t\t<\/div>\n\t\t\t\t<\/div>\n\t\t\t\t\t<\/div>\n\t\t\t\t<\/div>\n\t\t<div class=\"elementor-element elementor-element-595b2fa4 e-flex e-con-boxed e-con e-parent\" data-id=\"595b2fa4\" data-element_type=\"container\">\n\t\t\t\t\t<div class=\"e-con-inner\">\n\t\t\t\t<div class=\"elementor-element elementor-element-5f6fda0d elementor-widget elementor-widget-heading\" data-id=\"5f6fda0d\" data-element_type=\"widget\" data-widget_type=\"heading.default\">\n\t\t\t\t<div class=\"elementor-widget-container\">\n\t\t\t\t\t<h2 class=\"elementor-heading-title elementor-size-default\">Impulsando el crecimiento del margen de beneficio neto a trav\u00e9s de la gesti\u00f3n de inventario con IA<\/h2>\t\t\t\t<\/div>\n\t\t\t\t<\/div>\n\t\t\t\t\t<\/div>\n\t\t\t\t<\/div>\n\t\t<div class=\"elementor-element elementor-element-620537b6 e-flex e-con-boxed e-con e-parent\" data-id=\"620537b6\" data-element_type=\"container\">\n\t\t\t\t\t<div class=\"e-con-inner\">\n\t\t\t\t<div class=\"elementor-element elementor-element-4b54997c elementor-widget elementor-widget-text-editor\" data-id=\"4b54997c\" data-element_type=\"widget\" data-widget_type=\"text-editor.default\">\n\t\t\t\t<div class=\"elementor-widget-container\">\n\t\t\t\t\t\t\t\t\t<p>En un panorama minorista cada vez m\u00e1s competitivo y din\u00e1mico, la industria de la moda est\u00e1 buscando activamente soluciones innovadoras para mejorar la rentabilidad y optimizar las operaciones. WAIR, una empresa de tecnolog\u00eda con sede en \u00c1msterdam, recientemente organiz\u00f3 un evento, \"Mejorando el comercio minorista con inteligencia artificial: Perspectivas y experiencias\", mostrando el potencial de la inteligencia artificial (IA) para abordar estas necesidades cr\u00edticas. El evento reuni\u00f3 a profesionales de la moda para explorar c\u00f3mo la IA puede revolucionar la gesti\u00f3n de inventario y generar beneficios financieros tangibles. <a href=\"https:\/\/fashionunited.com\/news\/business\/driving-bottom-line-margin-growth-through-ai-inventory-management\/2025041565486?utm_source=prime-ai.com\">Por favor, proporcione el texto que desea que traduzca al espa\u00f1ol.<\/a><\/p>\t\t\t\t\t\t\t\t<\/div>\n\t\t\t\t<\/div>\n\t\t\t\t\t<\/div>\n\t\t\t\t<\/div>\n\t\t\t\t<\/div>","protected":false},"excerpt":{"rendered":"<p>Noticias de esta semana Semana 16 - 2025 La marca de lujo Hermes pasar\u00e1 los costos de los aranceles a los clientes de EE.UU. a medida que la tasa de crecimiento de las ventas se desacelera. A medida que Hermes, controlada por la familia, se adapta a la guerra comercial desatada por los aranceles del presidente de EE.UU., Donald Trump, est\u00e1 contando con su poder de fijaci\u00f3n de precios como una de las marcas de lujo m\u00e1s exclusivas para agregar un [&hellip;]<\/p>","protected":false},"author":1,"featured_media":0,"comment_status":"closed","ping_status":"open","sticky":false,"template":"","format":"standard","meta":{"footnotes":""},"categories":[310,309],"tags":[],"class_list":["post-15414","post","type-post","status-publish","format-standard","hentry","category-310","category-news"],"_links":{"self":[{"href":"https:\/\/www.prime-ai.com\/es\/wp-json\/wp\/v2\/posts\/15414","targetHints":{"allow":["GET"]}}],"collection":[{"href":"https:\/\/www.prime-ai.com\/es\/wp-json\/wp\/v2\/posts"}],"about":[{"href":"https:\/\/www.prime-ai.com\/es\/wp-json\/wp\/v2\/types\/post"}],"author":[{"embeddable":true,"href":"https:\/\/www.prime-ai.com\/es\/wp-json\/wp\/v2\/users\/1"}],"replies":[{"embeddable":true,"href":"https:\/\/www.prime-ai.com\/es\/wp-json\/wp\/v2\/comments?post=15414"}],"version-history":[{"count":0,"href":"https:\/\/www.prime-ai.com\/es\/wp-json\/wp\/v2\/posts\/15414\/revisions"}],"wp:attachment":[{"href":"https:\/\/www.prime-ai.com\/es\/wp-json\/wp\/v2\/media?parent=15414"}],"wp:term":[{"taxonomy":"category","embeddable":true,"href":"https:\/\/www.prime-ai.com\/es\/wp-json\/wp\/v2\/categories?post=15414"},{"taxonomy":"post_tag","embeddable":true,"href":"https:\/\/www.prime-ai.com\/es\/wp-json\/wp\/v2\/tags?post=15414"}],"curies":[{"name":"wp","href":"https:\/\/api.w.org\/{rel}","templated":true}]}}